{"id":917,"date":"2024-02-29T20:02:00","date_gmt":"2024-02-29T20:02:00","guid":{"rendered":"https:\/\/deportodos.com.ar\/2023\/?p=917"},"modified":"2024-02-29T20:02:01","modified_gmt":"2024-02-29T20:02:01","slug":"con-cuatro-binomios-entrerrianos-empieza-el-rally-arg-en-gral-madariaga","status":"publish","type":"post","link":"https:\/\/deportodos.com.ar\/2023\/con-cuatro-binomios-entrerrianos-empieza-el-rally-arg-en-gral-madariaga\/","title":{"rendered":"CON CUATRO BINOMIOS ENTRERRIANOS, EMPIEZA EL RALLY ARG EN GRAL MADARIAGA"},"content":{"rendered":"\n<p>La temporada 2024 de Rally Argentino Pirelli dar\u00e1 comienzo este viernes en General Madariaga, donde se disputar\u00e1 el Rally Pagos del Tuy\u00fa, el cual presenta una lista de 53 binomios registrados. Con m\u00e1s de treinta veh\u00edculos de tracci\u00f3n total y una veintena de m\u00e1quinas de dos ruedas motrices, la ciudad bonaerense aguarda por el inicio de un espect\u00e1culo que combinar\u00e1 referentes internacionales, nacionales y locales.<\/p>\n\n\n\n<p><strong>RC2 \u2013<\/strong>&nbsp;Diecinueve R5 \/ Rally2 se dar\u00e1n cita en General Madariaga, donde se ver\u00e1n muchas caras familiares de la categor\u00eda, las cuales continuar\u00e1n sin cambios, como Gast\u00f3n Pasten, Nicol\u00e1s D\u00edaz, Alejandro Men\u00e9ndez y Juan Carlos Alonso, quienes volver\u00e1n a competir con sus Skoda Fabia R5 de id\u00e9nticos equipos respecto de 2023. Lo propio aplica para los Citro\u00ebn C3 Rally2 del uruguayo Rodrigo Zeballos, Leandro Bonnin y Luis Arceluz.<\/p>\n\n\n\n<p>Al margen de estos protagonistas habituales, muchos otros competidores han presentado m\u00faltiples novedades para dar lucha por la victoria en distintos frentes, con Federico Villagra y Virginia Klus como m\u00e1ximo atractivo, al tripular desde este a\u00f1o un Citro\u00ebn C3 Rally2 de la nueva asociaci\u00f3n formada por los equipos VRS y Tango Rally Team, encargado de ofrecer identidad y colores al veh\u00edculo del m\u00faltiple campe\u00f3n.<\/p>\n\n\n\n<p>General Madariaga tambi\u00e9n recibir\u00e1 a m\u00faltiples referentes internacionales, como el bicampe\u00f3n paraguayo, Augusto Bestard, quien estar\u00e1 al mando de un Skoda Fabia Rally2 evo junto a Jos\u00e9 \u201cPepe\u201d D\u00edaz, bajo asistencia del equipo EZD WRT. El conjunto tambi\u00e9n atender\u00e1 otro Skoda, para el uruguayo Andr\u00e9s Marieyhara y Mauricio Obrador, los cuales dan el salto para comenzar a sumar experiencia en los R5 \/ Rally2.<\/p>\n\n\n\n<p>Pero, los exponentes paraguayos que se sumar\u00e1n a la primera fecha no acaban en Bestard, ya que los vigentes campeones del vecino pa\u00eds y actuales monarcas sudamericanos, Fabrizio Zaldivar y Marcelo Der Ohannesian tambi\u00e9n competir\u00e1n con un Hyundai i20 N Rally2, acompa\u00f1ados por el Volkswagen Polo GTi R5 del paraguayo Miguel Zaldivar (h), quien tendr\u00e1 a Diego Cagnotti en su butaca derecha.<\/p>\n\n\n\n<p>Entre otras novedades, el GP Motorsport ver\u00e1 a Rodrigo Disalvo mantenerse a bordo del Skoda Fabia Rally2 evo, que ya hab\u00eda comenzado a correr sobre finales de 2023, pero esta vez el piloto de Chivilcoy ha sumado a uno de los m\u00e1ximos referentes hist\u00f3ricos del campeonato como navegante: ni m\u00e1s ni menos que Rub\u00e9n Garc\u00eda.<\/p>\n\n\n\n<p>En las filas del PS Sport, tambi\u00e9n habr\u00e1 novedades para quienes leer\u00e1n la hoja de ruta, ya que Federico Cadamuro retornar\u00e1 con su Skoda, pero esta vez con Juan Pablo Carrera de co-piloto. De igual manera, Antonio Prevedello sumar\u00e1 a Leonardo Londero como nuevo navegante en su Fabia R5.<\/p>\n\n\n\n<p>Baratec ser\u00e1 otra de las estructuras que presente novedades, gracias a la incorporaci\u00f3n de su primer Citro\u00ebn C3 Rally2, que ser\u00e1 compartido por una nueva cara la categor\u00eda: Esteban Dom\u00ednguez, quien da el salto desde la RC-MR, para competir con Nicol\u00e1s Garc\u00eda como co-piloto. Asimismo, Claudio Robustelli se mantendr\u00e1 en su Skoda Fabia R5, aunque ahora sumar\u00e1 a Mariano Pissaco como nuevo navegante.<\/p>\n\n\n\n<p>La flota de coches R5 \/ Rally2 del KS Rally Competici\u00f3n se ver\u00e1 ampliada este a\u00f1o, con la llegada de Juan Galduroz, otro de los animadores de la RC-MR, que da el salto para competir con un Skoda Fabia Rally2, que compartir\u00e1 mayormente con Pablo Olmos<\/p>\n\n\n\n<p><strong>RC-MR \u2013<\/strong>&nbsp;Un total de trece coches Maxi Rally registra la categor\u00eda, que vuelve a iniciar con sus campeones y subcampeones, Hern\u00e1n Kim \/ Marcos Baz\u00e1n (Volkswagen) y Nadia Cutro \/ Luciano Bombaci (Toyota), nuevamente como favoritos a pelear por el protagonismo. De igual manera tendr\u00e1 continuidad la experiencia de C\u00e9sar Folledo y Jos\u00e9 Mar\u00eda Iribarren, con sus Volkswagen, o la nueva generaci\u00f3n de j\u00f3venes integrada en 2023, con Victorio Ballay y Nicol\u00e1s De la Vega, sobre sus respectivos Citro\u00ebn DS3.<\/p>\n\n\n\n<p>No obstante, la categor\u00eda presenta m\u00faltiples novedades, como la adici\u00f3n del campe\u00f3n 2022 de la RC5, Manuel Torras, quien compartir\u00e1 un Renault Clio del GP Motorsport junto al ic\u00f3nico emprendedor, aventurero y deportista con discapacidad motriz, Jean Maggi. Con id\u00e9ntica maquinaria se mantendr\u00e1 Miguel Patat, aunque el cordob\u00e9s contar\u00e1 este fin de semana con Sof\u00eda Sabbatini como una co-piloto a bordo.<\/p>\n\n\n\n<p>Como es habitual en cara Rally Pagos del Tuy\u00fa, los referentes de la provincia bonaerense volver\u00e1n a dar color a la categor\u00eda. Entre ellos estar\u00e1 Ariel Robbiani, que compartir\u00e1 un DS3 junto a Jorge Decibe. A la categor\u00eda tambi\u00e9n se integrar\u00e1 Mario Llinas y Oscar Solimano, quienes se destacaron al ganar en General Madariaga por la clase RC3 durante la pasada temporada.<\/p>\n\n\n\n<p>Por \u00faltimo, la categor\u00eda ver\u00e1 el retorno de otra dupla experimentada, que disputar\u00e1 su segundo rally en un Volkswagen Polo: Mario Sampayo \/ Vicente Andreatta. Asimismo, el Rally Pagos del Tuy\u00fa tambi\u00e9n sumar\u00e1 la participaci\u00f3n de Alberto P\u00e9rez y Jos\u00e9 Patano, en id\u00e9ntico veh\u00edculo de especificaci\u00f3n Maxi Rally.<\/p>\n\n\n\n<p><strong>RC4 \u2013<\/strong>&nbsp;El inicio de temporada en General Madariaga tiene registrado a los campeones de la categor\u00eda, Federico y Mart\u00edn Maisonnave, que volver\u00e1n a compartir un Peugeot 208 Rally4, modelo que utilizar\u00e1n todos los binomios que se han inscripto para el Rally Pagos del Tuy\u00fa. Pero, al margen de los hermanos bonaerenses, el resto de la clase ofrecer\u00e1 m\u00faltiples novedades.<\/p>\n\n\n\n<p>Las principales pasar\u00e1n por la incorporaci\u00f3n de Carlos Cataldo, quien salta desde la RC3 para competir con Emanuel Fern\u00e1ndez. De igual manera, Lucas Machado tambi\u00e9n dar\u00e1 sus primeros pasos con un 208 Rally4, que tripular\u00e1 con Mat\u00edas Aranguren. Misma evoluci\u00f3n comparte Ricardo Martinoglio, otro protagonista de la RC3 Junior que saltar\u00e1 de categor\u00eda para estrenarse con un Peugeot junto a Claudio Muciachio.<\/p>\n\n\n\n<p>Por otro lado, tambi\u00e9n se producir\u00e1 el debut en la categor\u00eda y retorno de un referente, como Pablo Pel\u00e1ez, quien ser\u00e1 navegado por Nicol\u00e1s Capurro en otro 208 Rally4. Finalmente, Dami\u00e1n Ibarra ser\u00e1 otro de los protagonistas que continuar\u00e1 en la RC4, aunque este a\u00f1o presenta como novedad la incorporaci\u00f3n del ganador del t\u00edtulo RC3 2023 de navegantes, Maximiliano Karamatich, como su lector de notas.<\/p>\n\n\n\n<p><strong>RC3 \u2013<\/strong>&nbsp;La categor\u00eda Junior se presenta m\u00e1s que renovada y lista para la reedici\u00f3n de otra atractiva lucha entre los binomios que definieron el t\u00edtulo 2023 de la RC5. Tanto los campeones, Fernando Daparte \/ Lucas Mart\u00edn, como los subcampeones, Nicol\u00e1s Gonz\u00e1lez \/ Ger\u00f3nimo Bordignon han dado el salto de categor\u00eda y al menos en esta competencia volver\u00e1n a enfrentarse en id\u00e9nticos Volkswagen Gol Trend.<\/p>\n\n\n\n<p>La clase Junior tambi\u00e9n sumar\u00e1 atractivos con el retorno de pilotos que fueron protagonistas en el pasado, como el campe\u00f3n RC3 de 2018, Mariano Preto, quien tambi\u00e9n salta de categor\u00eda con Juan Pablo del Riego, para compartir otro Volkswagen Gol. Otro de los referentes que retorna a la categor\u00eda tras incursionar el a\u00f1o pasado en la RC4 son Federico Devoto y Adriano Sanguinetti, quienes tripular\u00e1n un Toyota Etios.<\/p>\n\n\n\n<p>Por si esto fuera poco, la renovaci\u00f3n de la RC3 se ver\u00e1 reforzada por el retorno de Juan Bernasconi, quien se destac\u00f3 al ganar el Rally de Coronel Pringles en esta categor\u00eda durante la pasada temporada, pero que en este caso compartir\u00e1 el Ford Ka Junior junto a Ignacio Uez. De igual manera, otro binomio que retornar\u00e1 a la clase Junior ser\u00e1 el de Mart\u00edn Bonnin, junto a Dana Viollaz, a bordo de un Volkswagen Gol.<\/p>\n\n\n\n<p><strong>RC5 \u2013<\/strong>&nbsp;La categor\u00eda continuar\u00e1 con m\u00faltiples de sus animadores habituales, como Gast\u00f3n Pedrido \/ Mat\u00edas Correa, el binomio de Guillermo Ambrosio \/ Franco Amaya y Pablo Alessandrini, quien suma a Fabi\u00e1n El Ain como nuevo navegante, para completar un tr\u00edo de duplas que buscar\u00e1 el m\u00e1ximo protagonismo en la RC5.<\/p>\n\n\n\n<p>No obstante, la categor\u00eda tambi\u00e9n ver\u00e1 la continuidad de las duplas de Jos\u00e9 y Gabriel Franco, al igual que Jorge Gonz\u00e1lez \/ Mart\u00edn Ag\u00fcero, quienes luchar\u00e1n por resultados a\u00fan m\u00e1s competitivos.<\/p>\n\n\n\n<p>Entre otras novedades, la categor\u00eda contar\u00e1 con el retorno del sanjuanino Gabriel Abarca, quien compartir\u00e1 veh\u00edculo junto a Francisco Fumari. Por otro lado, la variedad entre los habituales Ford Fiesta llegar\u00e1 gracias a la adici\u00f3n de dos Peugeot. Un 208 ser\u00e1 tripulado por el habitual referente del rally puntano, Mario Rasso y Ram\u00f3n Garro, mientras que un 207 tendr\u00e1 en su habit\u00e1culo a Nicanor Blanco y Hern\u00e1n Salvador.<\/p>\n","protected":false},"excerpt":{"rendered":"<p>La temporada 2024 de Rally Argentino Pirelli dar\u00e1 comienzo este viernes en General Madariaga, donde&#8230;<\/p>\n","protected":false},"author":2,"featured_media":0,"comment_status":"open","ping_status":"open","sticky":false,"template":"","format":"standard","meta":{"footnotes":""},"categories":[6],"tags":[],"class_list":["post-917","post","type-post","status-publish","format-standard","hentry","category-automovilismo"],"featured_image_urls":{"full":"","thumbnail":"","medium":"","medium_large":"","large":"","1536x1536":"","2048x2048":"","covernews-featured":"","covernews-medium":""},"author_info":{"display_name":"c2530142","author_link":"https:\/\/deportodos.com.ar\/2023\/author\/c2530142\/"},"category_info":"<a href=\"https:\/\/deportodos.com.ar\/2023\/category\/automovilismo\/\" rel=\"category tag\">Automovilismo<\/a>","tag_info":"Automovilismo","comment_count":"0","_links":{"self":[{"href":"https:\/\/deportodos.com.ar\/2023\/wp-json\/wp\/v2\/posts\/917","targetHints":{"allow":["GET"]}}],"collection":[{"href":"https:\/\/deportodos.com.ar\/2023\/wp-json\/wp\/v2\/posts"}],"about":[{"href":"https:\/\/deportodos.com.ar\/2023\/wp-json\/wp\/v2\/types\/post"}],"author":[{"embeddable":true,"href":"https:\/\/deportodos.com.ar\/2023\/wp-json\/wp\/v2\/users\/2"}],"replies":[{"embeddable":true,"href":"https:\/\/deportodos.com.ar\/2023\/wp-json\/wp\/v2\/comments?post=917"}],"version-history":[{"count":1,"href":"https:\/\/deportodos.com.ar\/2023\/wp-json\/wp\/v2\/posts\/917\/revisions"}],"predecessor-version":[{"id":919,"href":"https:\/\/deportodos.com.ar\/2023\/wp-json\/wp\/v2\/posts\/917\/revisions\/919"}],"wp:attachment":[{"href":"https:\/\/deportodos.com.ar\/2023\/wp-json\/wp\/v2\/media?parent=917"}],"wp:term":[{"taxonomy":"category","embeddable":true,"href":"https:\/\/deportodos.com.ar\/2023\/wp-json\/wp\/v2\/categories?post=917"},{"taxonomy":"post_tag","embeddable":true,"href":"https:\/\/deportodos.com.ar\/2023\/wp-json\/wp\/v2\/tags?post=917"}],"curies":[{"name":"wp","href":"https:\/\/api.w.org\/{rel}","templated":true}]}}