{"id":920,"date":"2024-02-29T22:56:37","date_gmt":"2024-02-29T22:56:37","guid":{"rendered":"https:\/\/deportodos.com.ar\/2023\/?p=920"},"modified":"2024-02-29T22:56:37","modified_gmt":"2024-02-29T22:56:37","slug":"arranca-la-liga-federal-con-12-clubes-entrerrianos","status":"publish","type":"post","link":"https:\/\/deportodos.com.ar\/2023\/arranca-la-liga-federal-con-12-clubes-entrerrianos\/","title":{"rendered":"ARRANCA LA LIGA FEDERAL CON 12 CLUBES ENTRERRIANOS"},"content":{"rendered":"\n<p>Este jueves se pone en marcha la competencia en la Liga Federal 2024 para los equipos entrerrianos. Ser\u00e1n 12 los representantes de la Provincia en la tercera categor\u00eda nacional y comenzar\u00e1n en la Zona Litoral su sue\u00f1o de ascenso a la Liga Argentina.<\/p>\n\n\n\n<p>Los clubes ser\u00e1n Parque Sur (Conc. del Uruguay), Regatas Uruguay, Central Entrerriano (Gualeguaych\u00fa), Racing (Gch\u00fa), Centro Bancario de Gualeguay y Atl\u00e9tico BH (Gualeguay), Atl\u00e9tico Rosario del Tala, Sportivo Pe\u00f1arol (Rosario del Tala), Sportivo San Salvador, Ferro (San Salvador), Sionista (Paran\u00e1) y Uni\u00f3n (Crespo).<\/p>\n\n\n\n<p>En la Primera Fase jugar\u00e1n todos contra todos, a dos ruedas, y los mejores cuatro clasificar\u00e1n para jugar playoffs contra los del otro grupo de la Zona Litoral.<\/p>\n\n\n\n<p>\u00a1Desde la Federaci\u00f3n de B\u00e1squet de Entre R\u00edos queremos desear los mayores \u00e9xitos para los equipos de la provincia!<\/p>\n\n\n\n<p><strong>JUEVES 29 DE FEBRERO<\/strong><\/p>\n\n\n\n<p><strong>Grupo A<\/strong><\/p>\n\n\n\n<p>21 hs: Regatas \u2013 BH<\/p>\n\n\n\n<p>21 hs: Racing \u2013 Parque Sur<\/p>\n\n\n\n<p>21 hs: Central \u2013 Bancario<\/p>\n\n\n\n<p><strong>Grupo B<\/strong><\/p>\n\n\n\n<p>21 hs: Gimnasia SF \u2013 Ferro SS<\/p>\n\n\n\n<p>22 hs: Sportivo \u2013 Centro S. Pe\u00f1arol<\/p>\n\n\n\n<p>22 hs: Sionista \u2013 Uni\u00f3n<\/p>\n\n\n\n<p><strong>DIVISI\u00d3N LITORAL<\/strong><\/p>\n\n\n\n<p><strong>Grupo A:&nbsp;<\/strong>Parque Sur, Regatas de Concepci\u00f3n del Uruguay, Central Entrerriano, Racing de Gualeguaych\u00fa, Centro Bancario de Gualeguay y Atl\u00e9tico BH de Gualeguay.<\/p>\n\n\n\n<p><strong>Grupo B:<\/strong>\u00a0Atl\u00e9tico Rosario del Tala, Ferro de San Salvador, Sportivo Pe\u00f1arol, Sionista, Gimnasia y Esgrima de Santa Fe, Uni\u00f3n de Crespo y Sportivo San Salvador.<\/p>\n\n\n\n<blockquote class=\"wp-block-quote is-layout-flow wp-block-quote-is-layout-flow\">\n<p><\/p>\n<cite>www.basquetentrerios.com<\/cite><\/blockquote>\n","protected":false},"excerpt":{"rendered":"<p>Este jueves se pone en marcha la competencia en la Liga Federal 2024 para los&#8230;<\/p>\n","protected":false},"author":2,"featured_media":921,"comment_status":"open","ping_status":"open","sticky":false,"template":"","format":"standard","meta":{"footnotes":""},"categories":[9],"tags":[],"class_list":["post-920","post","type-post","status-publish","format-standard","has-post-thumbnail","hentry","category-basquet"],"featured_image_urls":{"full":["https:\/\/deportodos.com.ar\/2023\/wp-content\/uploads\/2024\/02\/WhatsApp-Image-2024-02-29-at-11.14.38-1024x674.jpeg.jpg",1024,674,false],"thumbnail":["https:\/\/deportodos.com.ar\/2023\/wp-content\/uploads\/2024\/02\/WhatsApp-Image-2024-02-29-at-11.14.38-1024x674.jpeg-150x150.jpg",150,150,true],"medium":["https:\/\/deportodos.com.ar\/2023\/wp-content\/uploads\/2024\/02\/WhatsApp-Image-2024-02-29-at-11.14.38-1024x674.jpeg-300x197.jpg",300,197,true],"medium_large":["https:\/\/deportodos.com.ar\/2023\/wp-content\/uploads\/2024\/02\/WhatsApp-Image-2024-02-29-at-11.14.38-1024x674.jpeg-768x506.jpg",640,422,true],"large":["https:\/\/deportodos.com.ar\/2023\/wp-content\/uploads\/2024\/02\/WhatsApp-Image-2024-02-29-at-11.14.38-1024x674.jpeg.jpg",640,421,false],"1536x1536":["https:\/\/deportodos.com.ar\/2023\/wp-content\/uploads\/2024\/02\/WhatsApp-Image-2024-02-29-at-11.14.38-1024x674.jpeg.jpg",1024,674,false],"2048x2048":["https:\/\/deportodos.com.ar\/2023\/wp-content\/uploads\/2024\/02\/WhatsApp-Image-2024-02-29-at-11.14.38-1024x674.jpeg.jpg",1024,674,false],"covernews-featured":["https:\/\/deportodos.com.ar\/2023\/wp-content\/uploads\/2024\/02\/WhatsApp-Image-2024-02-29-at-11.14.38-1024x674.jpeg.jpg",1024,674,false],"covernews-medium":["https:\/\/deportodos.com.ar\/2023\/wp-content\/uploads\/2024\/02\/WhatsApp-Image-2024-02-29-at-11.14.38-1024x674.jpeg-540x340.jpg",540,340,true]},"author_info":{"display_name":"c2530142","author_link":"https:\/\/deportodos.com.ar\/2023\/author\/c2530142\/"},"category_info":"<a href=\"https:\/\/deportodos.com.ar\/2023\/category\/basquet\/\" rel=\"category tag\">Basquet<\/a>","tag_info":"Basquet","comment_count":"0","_links":{"self":[{"href":"https:\/\/deportodos.com.ar\/2023\/wp-json\/wp\/v2\/posts\/920","targetHints":{"allow":["GET"]}}],"collection":[{"href":"https:\/\/deportodos.com.ar\/2023\/wp-json\/wp\/v2\/posts"}],"about":[{"href":"https:\/\/deportodos.com.ar\/2023\/wp-json\/wp\/v2\/types\/post"}],"author":[{"embeddable":true,"href":"https:\/\/deportodos.com.ar\/2023\/wp-json\/wp\/v2\/users\/2"}],"replies":[{"embeddable":true,"href":"https:\/\/deportodos.com.ar\/2023\/wp-json\/wp\/v2\/comments?post=920"}],"version-history":[{"count":1,"href":"https:\/\/deportodos.com.ar\/2023\/wp-json\/wp\/v2\/posts\/920\/revisions"}],"predecessor-version":[{"id":922,"href":"https:\/\/deportodos.com.ar\/2023\/wp-json\/wp\/v2\/posts\/920\/revisions\/922"}],"wp:featuredmedia":[{"embeddable":true,"href":"https:\/\/deportodos.com.ar\/2023\/wp-json\/wp\/v2\/media\/921"}],"wp:attachment":[{"href":"https:\/\/deportodos.com.ar\/2023\/wp-json\/wp\/v2\/media?parent=920"}],"wp:term":[{"taxonomy":"category","embeddable":true,"href":"https:\/\/deportodos.com.ar\/2023\/wp-json\/wp\/v2\/categories?post=920"},{"taxonomy":"post_tag","embeddable":true,"href":"https:\/\/deportodos.com.ar\/2023\/wp-json\/wp\/v2\/tags?post=920"}],"curies":[{"name":"wp","href":"https:\/\/api.w.org\/{rel}","templated":true}]}}