{"id":946,"date":"2024-03-04T20:12:08","date_gmt":"2024-03-04T20:12:08","guid":{"rendered":"https:\/\/deportodos.com.ar\/2023\/?p=946"},"modified":"2024-03-04T20:12:09","modified_gmt":"2024-03-04T20:12:09","slug":"alejandro-ricagno-se-impuso-en-santa-ana-y-la-definicion-del-campeonato-sera-en-concordia","status":"publish","type":"post","link":"https:\/\/deportodos.com.ar\/2023\/alejandro-ricagno-se-impuso-en-santa-ana-y-la-definicion-del-campeonato-sera-en-concordia\/","title":{"rendered":"ALEJANDRO RICAGNO SE IMPUSO EN SANTA ANA Y LA DEFINICI\u00d3N DEL CAMPEONATO SER\u00c1 EN CONCORDIA"},"content":{"rendered":"\n<p>En una carrera apasionante se llev\u00f3 a cabo en Santa Ana la quinta fecha del Circuito Provincial de Triatl\u00f3n Jeep que en un final electrizante lo tuvo como ganador al concordiense Alejandro Ricagno aventajando por s\u00f3lo dos segundos a Federico Alvarez tambi\u00e9n de nuestra ciudad, mientras que en damas se impuso holgadamente la chajariense Judith Marsilli sobre su coterr\u00e1nea Sabina Goyeneche, mientras que en tercer lugar y consiguiendo el t\u00edtulo de la presente temporada en forma anticipada arrib\u00f3 la concordiense Maria Constanza Ricagno, logrando por primera vez un campeonato en este circuito.<\/p>\n\n\n\n<p>Un pron\u00f3stico previo que hac\u00eda dudar sobre si ser realizar\u00eda triatl\u00f3n o si la prueba terminar\u00eda convirti\u00e9ndose en duatl\u00f3n, pero la suerte estuvo de lado de la organizaci\u00f3n y todo se pudo llevar adelante sin problemas y con un clima ideal se puso en marcha a las 9.30 la prueba con la nataci\u00f3n y un lago un tanto movido que hizo esforzar a los corredores.<\/p>\n\n\n\n<p>Las dos distancias (sprint y est\u00e1ndar), se largaron en forma simult\u00e1nea, y luego vendr\u00eda el ciclismo con los 20 kil\u00f3metros para el sprint y los 40 para el est\u00e1ndar, todo bajo la modalidad del \u00absin drafting\u00bb que fue respetado y cumplido por todos los triatletas.<\/p>\n\n\n\n<p>En lo que hace a la distancia principal desde el comienzo mismo se not\u00f3 una gran paridad entre Ricagno y Alvarez, ambos salieron juntos pr\u00e1cticamente del agua, y con ellos el juvenil Joaquin Bonelli, que fuera de competencia (por ser juvenil) hizo por primera vez su prueba de fuego en esta distancia y con una muy buena perfomance.<\/p>\n\n\n\n<p>Alvarez comand\u00f3 los 40 kil\u00f3metros de ciclismo y siempre detr\u00e1s y midi\u00e9ndolo todo el tiempo venia Ricagno, el promedio de ambos fue muy alto con casi 40 kil\u00f3metros por hora en la distancia. La diferencia sobre el resto fue abismal, y as\u00ed fue que se bajaron juntos pr\u00e1cticamente a correr los \u00faltimos 10 kil\u00f3metros de carrera, con Alvarez que segu\u00eda al frente, y pegado detr\u00e1s Ricagno, que se venia guardando para esos infartantes \u00faltimos 200 metros donde puso la quinta y explot\u00f3 en un sprint final que le permiti\u00f3 sobrepasar a Alvarez y por s\u00f3lo dos segundos adjudicarse esta quinta fecha, y que dej\u00f3 pendiente la definici\u00f3n del campeonato para lo que ser\u00e1 la fecha final ac\u00e1 en nuestra ciudad el pr\u00f3ximo 17 de marzo.<\/p>\n\n\n\n<p>En lo que hace a la distancia sprint los triunfadores fueron los concordienses Francisco Mesa y Maria Virginia Angarola, mientras que en juveniles ganaron Alexis Spiousas Chaulet (San Jos\u00e9) y Corina Janin (Concordia). Entre las postas se quedaron con el primer lugar Jos\u00e9 Carlos Loza (nataci\u00f3n), Luis Izaguirre (ciclismo), y Matias Saavedra (pedestrismo), representantes de Concepci\u00f3n del Uruguay.<\/p>\n\n\n\n<p>La \u00faltima fecha de este Circuito ser\u00e1 el domingo 17 de marzo en nuestra ciudad con epicentro en Peninsula Soler, donde se dar\u00e1 la gran definici\u00f3n del campeonato entre Ricagno y Alvarez, y donde tambi\u00e9n se producir\u00e1 la definici\u00f3n de todas las categor\u00edas, para las cuales habr\u00e1 premios del primero al \u00faltimo, como as\u00ed tambi\u00e9n la entrega de las remeras oficiales del campeonato y muchos atractivos sorteos para los que logren culminar el mismo. Toda esta ceremonia final se producir\u00e1 en un almuerzo a desarrollarse en Playa Las Palmeras.<\/p>\n\n\n\n<p>PRENSA A.C.P.C.<\/p>\n","protected":false},"excerpt":{"rendered":"<p>En una carrera apasionante se llev\u00f3 a cabo en Santa Ana la quinta fecha del&#8230;<\/p>\n","protected":false},"author":2,"featured_media":947,"comment_status":"open","ping_status":"open","sticky":false,"template":"","format":"standard","meta":{"footnotes":""},"categories":[33],"tags":[],"class_list":["post-946","post","type-post","status-publish","format-standard","has-post-thumbnail","hentry","category-triatlon"],"featured_image_urls":{"full":["https:\/\/deportodos.com.ar\/2023\/wp-content\/uploads\/2024\/03\/RICAGNO-GANADOR-ALVAREZ-SEGUNDO.jpg",719,480,false],"thumbnail":["https:\/\/deportodos.com.ar\/2023\/wp-content\/uploads\/2024\/03\/RICAGNO-GANADOR-ALVAREZ-SEGUNDO-150x150.jpg",150,150,true],"medium":["https:\/\/deportodos.com.ar\/2023\/wp-content\/uploads\/2024\/03\/RICAGNO-GANADOR-ALVAREZ-SEGUNDO-300x200.jpg",300,200,true],"medium_large":["https:\/\/deportodos.com.ar\/2023\/wp-content\/uploads\/2024\/03\/RICAGNO-GANADOR-ALVAREZ-SEGUNDO.jpg",640,427,false],"large":["https:\/\/deportodos.com.ar\/2023\/wp-content\/uploads\/2024\/03\/RICAGNO-GANADOR-ALVAREZ-SEGUNDO.jpg",640,427,false],"1536x1536":["https:\/\/deportodos.com.ar\/2023\/wp-content\/uploads\/2024\/03\/RICAGNO-GANADOR-ALVAREZ-SEGUNDO.jpg",719,480,false],"2048x2048":["https:\/\/deportodos.com.ar\/2023\/wp-content\/uploads\/2024\/03\/RICAGNO-GANADOR-ALVAREZ-SEGUNDO.jpg",719,480,false],"covernews-featured":["https:\/\/deportodos.com.ar\/2023\/wp-content\/uploads\/2024\/03\/RICAGNO-GANADOR-ALVAREZ-SEGUNDO.jpg",719,480,false],"covernews-medium":["https:\/\/deportodos.com.ar\/2023\/wp-content\/uploads\/2024\/03\/RICAGNO-GANADOR-ALVAREZ-SEGUNDO-540x340.jpg",540,340,true]},"author_info":{"display_name":"c2530142","author_link":"https:\/\/deportodos.com.ar\/2023\/author\/c2530142\/"},"category_info":"<a href=\"https:\/\/deportodos.com.ar\/2023\/category\/triatlon\/\" rel=\"category tag\">Triatlon<\/a>","tag_info":"Triatlon","comment_count":"0","_links":{"self":[{"href":"https:\/\/deportodos.com.ar\/2023\/wp-json\/wp\/v2\/posts\/946","targetHints":{"allow":["GET"]}}],"collection":[{"href":"https:\/\/deportodos.com.ar\/2023\/wp-json\/wp\/v2\/posts"}],"about":[{"href":"https:\/\/deportodos.com.ar\/2023\/wp-json\/wp\/v2\/types\/post"}],"author":[{"embeddable":true,"href":"https:\/\/deportodos.com.ar\/2023\/wp-json\/wp\/v2\/users\/2"}],"replies":[{"embeddable":true,"href":"https:\/\/deportodos.com.ar\/2023\/wp-json\/wp\/v2\/comments?post=946"}],"version-history":[{"count":1,"href":"https:\/\/deportodos.com.ar\/2023\/wp-json\/wp\/v2\/posts\/946\/revisions"}],"predecessor-version":[{"id":948,"href":"https:\/\/deportodos.com.ar\/2023\/wp-json\/wp\/v2\/posts\/946\/revisions\/948"}],"wp:featuredmedia":[{"embeddable":true,"href":"https:\/\/deportodos.com.ar\/2023\/wp-json\/wp\/v2\/media\/947"}],"wp:attachment":[{"href":"https:\/\/deportodos.com.ar\/2023\/wp-json\/wp\/v2\/media?parent=946"}],"wp:term":[{"taxonomy":"category","embeddable":true,"href":"https:\/\/deportodos.com.ar\/2023\/wp-json\/wp\/v2\/categories?post=946"},{"taxonomy":"post_tag","embeddable":true,"href":"https:\/\/deportodos.com.ar\/2023\/wp-json\/wp\/v2\/tags?post=946"}],"curies":[{"name":"wp","href":"https:\/\/api.w.org\/{rel}","templated":true}]}}