{"id":961,"date":"2024-03-06T21:23:54","date_gmt":"2024-03-06T21:23:54","guid":{"rendered":"https:\/\/deportodos.com.ar\/2023\/?p=961"},"modified":"2024-03-06T21:23:55","modified_gmt":"2024-03-06T21:23:55","slug":"hoy-debutan-los-equipos-entrerrianos","status":"publish","type":"post","link":"https:\/\/deportodos.com.ar\/2023\/hoy-debutan-los-equipos-entrerrianos\/","title":{"rendered":"HOY DEBUTAN LOS EQUIPOS ENTRERRIANOS"},"content":{"rendered":"\n<h6 class=\"wp-block-heading\">Divididos en dos grupos, la Zona Litoral de la Liga Federal de b\u00e1squet tendr\u00e1 desarrollo el d\u00eda de hoy con varios encuentros en simultaneo. Respecto a los cercanos a la capital entrerriana, en esta primera fecha, Sionista recibe a Uni\u00f3n de Crespo a partir de las 22 horas.<\/h6>\n\n\n\n<p>Todo listo para que los conjuntos de Entre R\u00edos transiten lo que ser\u00e1 la tercera categor\u00eda del b\u00e1squet nacional. La primera fecha se estar\u00e1 disputando en la noche de hoy, con atractivos encuentros.<\/p>\n\n\n\n<p>Esta Liga Federal, que tiene un total de 107 equipos, est\u00e1 dividida en varias zonas.<\/p>\n\n\n\n<p>Para el caso de los entrerrianos, integrar\u00e1n la conferencia Litoral con dos grupos.<\/p>\n\n\n\n<p>Respecto a esta primera jornada, el grupo A tendr\u00e1 tres partidos en simultaneo, todos empezando desde las 21 horas. Los cruces ser\u00e1n entre Central Entrerriano vs. Centro Bancario de Gualeguay; Racing de Gualeguaych\u00fa vs. Parque Sur; y Regatas de Concepci\u00f3n del Uruguay vs. Atl\u00e9tico BH de Gualeguay.<\/p>\n\n\n\n<p>Por el Grupo B, a la hora mencionada, Gimnasia y Esgrima de Santa Fe recibir\u00e1 a Ferro de San Salvador.<\/p>\n\n\n\n<p>Los otros dos duelos restantes, se jugar\u00e1n a partir de las 22 horas y lo animar\u00e1n Sportivo San Salvador vs. Sportivo Pe\u00f1arol y los de Asociaci\u00f3n Paranaense de B\u00e1squet, Sionista versus Uni\u00f3n de Crespo.<\/p>\n\n\n\n<p><strong>EL&nbsp;<em>VERDE<\/em>&nbsp;SE PRESENT\u00d3 EN SOCIEDAD.<\/strong>&nbsp;En la cancha del Club Uni\u00f3n de Crespo, se realiz\u00f3 la presentaci\u00f3n oficial del plantel que representar\u00e1 al club y a la ciudad en una participaci\u00f3n hist\u00f3rica en la Liga Federal de B\u00e1squet. Dicho evento cont\u00f3 con la presencia de Walter Garc\u00eda (presidente de Uni\u00f3n), Miguel Berns y Juan Francisco Morales (subdirecci\u00f3n de Deportes Municipalidad de Crespo), Emanuel Dubs (subcomisi\u00f3n de B\u00e1squet), Mauro Leonarduzi (Grupo de Trabajo Liga Federal), cuerpo t\u00e9cnico y plantel, quienes en conferencia de prensa hablaron con los medios de comunicaci\u00f3n y el p\u00fablico presente.<\/p>\n\n\n\n<p>Walter Garc\u00eda, presidente de la entidad&nbsp;<em>Cervecera<\/em>, expres\u00f3: \u201cQueremos agradecer en primer lugar a la Municipalidad de Crespo por el acompa\u00f1amiento que lleva adelante con cada disciplina del club, y en especial con este proyecto. Aprovecho a felicitar a la subcomisi\u00f3n y al grupo de trabajo por este desaf\u00edo que han tomado, el cual no tengo duda que nos dejar\u00e1n bien representados, tanto al club como a la ciudad, como ya nos tienen acostumbrados\u201d.<\/p>\n\n\n\n<p>Por su parte, Marco Percara, entrenador del plantel, coment\u00f3: \u201cPersonalmente es un placer enorme estar en esta presentaci\u00f3n a punto de debutar en la tercera categor\u00eda del b\u00e1squet nacional. Es un sue\u00f1o que tenemos el privilegio de ser partes y protagonistas. Este sue\u00f1o lleva una responsabilidad, la de estar a la altura del momento del b\u00e1squet m\u00e1s importante de Uni\u00f3n y de la ciudad. Estoy convencido que el trabajo que venimos haciendo va a ser el adecuado para llegar de la mejor manera al debut\u201d.<\/p>\n\n\n\n<p>Adem\u00e1s, cont\u00f3 sus sensaciones Juan Pablo Folmer, capit\u00e1n del equipo, quien manifest\u00f3: \u201cCuando decidimos jugar la Liga Provincial en 2018, poder disputar la Liga Federal lo ve\u00edamos imposible, y hoy estar vivi\u00e9ndolo con esta camiseta es un orgullo muy grande. Estoy feliz y orgulloso de lo que se viene logrando y c\u00f3mo se est\u00e1 trabajando. Soy un agradecido con cada persona que pone de su tiempo para que esto sea posible\u201d, cerr\u00f3.<\/p>\n\n\n\n<blockquote class=\"wp-block-quote is-layout-flow wp-block-quote-is-layout-flow\">\n<p><\/p>\n<cite>www.eldiario.com.ar<\/cite><\/blockquote>\n","protected":false},"excerpt":{"rendered":"<p>Divididos en dos grupos, la Zona Litoral de la Liga Federal de b\u00e1squet tendr\u00e1 desarrollo&#8230;<\/p>\n","protected":false},"author":2,"featured_media":962,"comment_status":"open","ping_status":"open","sticky":false,"template":"","format":"standard","meta":{"footnotes":""},"categories":[9],"tags":[],"class_list":["post-961","post","type-post","status-publish","format-standard","has-post-thumbnail","hentry","category-basquet"],"featured_image_urls":{"full":["https:\/\/deportodos.com.ar\/2023\/wp-content\/uploads\/2024\/03\/1000108311.jpg",1080,782,false],"thumbnail":["https:\/\/deportodos.com.ar\/2023\/wp-content\/uploads\/2024\/03\/1000108311-150x150.jpg",150,150,true],"medium":["https:\/\/deportodos.com.ar\/2023\/wp-content\/uploads\/2024\/03\/1000108311-300x217.jpg",300,217,true],"medium_large":["https:\/\/deportodos.com.ar\/2023\/wp-content\/uploads\/2024\/03\/1000108311-768x556.jpg",640,463,true],"large":["https:\/\/deportodos.com.ar\/2023\/wp-content\/uploads\/2024\/03\/1000108311-1024x741.jpg",640,463,true],"1536x1536":["https:\/\/deportodos.com.ar\/2023\/wp-content\/uploads\/2024\/03\/1000108311.jpg",1080,782,false],"2048x2048":["https:\/\/deportodos.com.ar\/2023\/wp-content\/uploads\/2024\/03\/1000108311.jpg",1080,782,false],"covernews-featured":["https:\/\/deportodos.com.ar\/2023\/wp-content\/uploads\/2024\/03\/1000108311-1024x741.jpg",1024,741,true],"covernews-medium":["https:\/\/deportodos.com.ar\/2023\/wp-content\/uploads\/2024\/03\/1000108311-540x340.jpg",540,340,true]},"author_info":{"display_name":"c2530142","author_link":"https:\/\/deportodos.com.ar\/2023\/author\/c2530142\/"},"category_info":"<a href=\"https:\/\/deportodos.com.ar\/2023\/category\/basquet\/\" rel=\"category tag\">Basquet<\/a>","tag_info":"Basquet","comment_count":"0","_links":{"self":[{"href":"https:\/\/deportodos.com.ar\/2023\/wp-json\/wp\/v2\/posts\/961","targetHints":{"allow":["GET"]}}],"collection":[{"href":"https:\/\/deportodos.com.ar\/2023\/wp-json\/wp\/v2\/posts"}],"about":[{"href":"https:\/\/deportodos.com.ar\/2023\/wp-json\/wp\/v2\/types\/post"}],"author":[{"embeddable":true,"href":"https:\/\/deportodos.com.ar\/2023\/wp-json\/wp\/v2\/users\/2"}],"replies":[{"embeddable":true,"href":"https:\/\/deportodos.com.ar\/2023\/wp-json\/wp\/v2\/comments?post=961"}],"version-history":[{"count":1,"href":"https:\/\/deportodos.com.ar\/2023\/wp-json\/wp\/v2\/posts\/961\/revisions"}],"predecessor-version":[{"id":963,"href":"https:\/\/deportodos.com.ar\/2023\/wp-json\/wp\/v2\/posts\/961\/revisions\/963"}],"wp:featuredmedia":[{"embeddable":true,"href":"https:\/\/deportodos.com.ar\/2023\/wp-json\/wp\/v2\/media\/962"}],"wp:attachment":[{"href":"https:\/\/deportodos.com.ar\/2023\/wp-json\/wp\/v2\/media?parent=961"}],"wp:term":[{"taxonomy":"category","embeddable":true,"href":"https:\/\/deportodos.com.ar\/2023\/wp-json\/wp\/v2\/categories?post=961"},{"taxonomy":"post_tag","embeddable":true,"href":"https:\/\/deportodos.com.ar\/2023\/wp-json\/wp\/v2\/tags?post=961"}],"curies":[{"name":"wp","href":"https:\/\/api.w.org\/{rel}","templated":true}]}}