{"id":983,"date":"2024-03-09T15:53:17","date_gmt":"2024-03-09T15:53:17","guid":{"rendered":"https:\/\/deportodos.com.ar\/2023\/?p=983"},"modified":"2024-03-09T15:53:18","modified_gmt":"2024-03-09T15:53:18","slug":"san-jose-perdio-un-ajustado-encuentro-en-casa","status":"publish","type":"post","link":"https:\/\/deportodos.com.ar\/2023\/san-jose-perdio-un-ajustado-encuentro-en-casa\/","title":{"rendered":"SAN JOS\u00c9 PERDI\u00d3 UN AJUSTADO ENCUENTRO EN CASA"},"content":{"rendered":"\n<p>Este viernes por la noche, el Club Social y Deportivo San Jos\u00e9 jug\u00f3 el primero de sus dos partidos correspondientes al presente weekend de la Liga Argentina Femenina de V\u00f3ley. En el estadio Ciudad de San Jos\u00e9, el&nbsp;<em>Auriazul<\/em>&nbsp;recibi\u00f3 al Club N\u00e1utico Avellaneda.<\/p>\n\n\n\n<p>Comenz\u00f3 torcido el juego para el equipo de Juan Procopio, que cay\u00f3 en el primer set por 25\/21; aunque luego se recuper\u00f3 y se impuso en los dos siguientes por 25\/20 y 25\/16 (el de mayor diferencia del partido).<\/p>\n\n\n\n<p>Sin embargo, la ca\u00edda en el cuarto set por 25\/19 encendi\u00f3 las alarmas y llev\u00f3 el partido al desempate. Y en el desempate las de Mauro Boasso sacaron una ligera ventaja y se impusieron por 16\/14 para quedarse el partido por 3-2.<\/p>\n\n\n\n<p>La victoria llev\u00f3 a N\u00e1utico Avellaneda a la d\u00e9cima posici\u00f3n de la tabla general en la que acumulan 15 puntos (tercera victoria por 3-2). Para San Jos\u00e9, el punto que brind\u00f3 la ca\u00edda (primera por este marcador) dej\u00f3 al equipo en la s\u00e9ptima colocaci\u00f3n con 19 unidades.<\/p>\n\n\n\n<p>En su pr\u00f3xima presentaci\u00f3n, las entrerrianas jugar\u00e1n este domingo desde las 20 frente al Club Sonder de Rosario, nuevamente en condici\u00f3n de local. Para N\u00e1utico Avellaneda, en cambio, ser\u00e1 turno de visitar a Villa Dora de Santa Fe.<\/p>\n\n\n\n<p><strong>-S\u00cdNTESIS-<\/strong><br>San Jos\u00e9&nbsp;<strong>2-3<\/strong>&nbsp;N\u00e1utico Avellaneda.<\/p>\n\n\n\n<p><strong>Parciales:<\/strong>&nbsp;21\/25 &#8211; 25\/20 &#8211; 25\/16 &#8211; 19\/25 &#8211; 14\/16.<\/p>\n\n\n\n<p><strong>Formaciones:<br>San Jos\u00e9 (2):<\/strong>&nbsp;Romina Hilz Ramallo, Juliana Cot, Julieta Ruelli, Magal\u00ed Przylucki, Soraya Juli\u00e1n Nur, Agostina Acosta. L\u00edberos: Mar\u00eda L\u00f3pez Sposaro y Carm\u00edn Perroni.<br>DT: Juan Procopio.<\/p>\n\n\n\n<p><strong>N\u00e1utico Avellaneda (3):<\/strong>&nbsp;Martina Franco, Julia Paulini, Priscila Bosio, Delfina Arlego, Martina Quinteros, Juana Giardini. L\u00edberos: Virgina Granado y Jimena Ram\u00edrez.<br>DT: Mauro Boasso.<\/p>\n\n\n\n<p><strong>Ingresaron:<br>-En San Jos\u00e9:<\/strong>&nbsp;Isabela Aibar, Candela Burgos, Renata Montini, Camila Esquibela Fallico y Carolina Wetzel.<\/p>\n\n\n\n<p><strong>-En N\u00e1utico:&nbsp;<\/strong>Avril Chort y Martina Par\u00f3n.<\/p>\n\n\n\n<p><strong>\u00c1rbitros:<\/strong>&nbsp;Gabriel Casta\u00f1arez &#8211; Renzo Leiva.<\/p>\n\n\n\n<p><strong>Estadio:<\/strong>&nbsp;Ciudad de San Jos\u00e9.<\/p>\n\n\n\n<blockquote class=\"wp-block-quote is-layout-flow wp-block-quote-is-layout-flow\">\n<p><\/p>\n<cite>www.analisisdigital.com.ar<\/cite><\/blockquote>\n","protected":false},"excerpt":{"rendered":"<p>Este viernes por la noche, el Club Social y Deportivo San Jos\u00e9 jug\u00f3 el primero&#8230;<\/p>\n","protected":false},"author":2,"featured_media":984,"comment_status":"open","ping_status":"open","sticky":false,"template":"","format":"standard","meta":{"footnotes":""},"categories":[10],"tags":[],"class_list":["post-983","post","type-post","status-publish","format-standard","has-post-thumbnail","hentry","category-beach-voley"],"featured_image_urls":{"full":["https:\/\/deportodos.com.ar\/2023\/wp-content\/uploads\/2024\/03\/san_jose_-_nautico.jpg",450,300,false],"thumbnail":["https:\/\/deportodos.com.ar\/2023\/wp-content\/uploads\/2024\/03\/san_jose_-_nautico-150x150.jpg",150,150,true],"medium":["https:\/\/deportodos.com.ar\/2023\/wp-content\/uploads\/2024\/03\/san_jose_-_nautico-300x200.jpg",300,200,true],"medium_large":["https:\/\/deportodos.com.ar\/2023\/wp-content\/uploads\/2024\/03\/san_jose_-_nautico.jpg",450,300,false],"large":["https:\/\/deportodos.com.ar\/2023\/wp-content\/uploads\/2024\/03\/san_jose_-_nautico.jpg",450,300,false],"1536x1536":["https:\/\/deportodos.com.ar\/2023\/wp-content\/uploads\/2024\/03\/san_jose_-_nautico.jpg",450,300,false],"2048x2048":["https:\/\/deportodos.com.ar\/2023\/wp-content\/uploads\/2024\/03\/san_jose_-_nautico.jpg",450,300,false],"covernews-featured":["https:\/\/deportodos.com.ar\/2023\/wp-content\/uploads\/2024\/03\/san_jose_-_nautico.jpg",450,300,false],"covernews-medium":["https:\/\/deportodos.com.ar\/2023\/wp-content\/uploads\/2024\/03\/san_jose_-_nautico.jpg",450,300,false]},"author_info":{"display_name":"c2530142","author_link":"https:\/\/deportodos.com.ar\/2023\/author\/c2530142\/"},"category_info":"<a href=\"https:\/\/deportodos.com.ar\/2023\/category\/beach-voley\/\" rel=\"category tag\">Beach Voley<\/a>","tag_info":"Beach Voley","comment_count":"0","_links":{"self":[{"href":"https:\/\/deportodos.com.ar\/2023\/wp-json\/wp\/v2\/posts\/983","targetHints":{"allow":["GET"]}}],"collection":[{"href":"https:\/\/deportodos.com.ar\/2023\/wp-json\/wp\/v2\/posts"}],"about":[{"href":"https:\/\/deportodos.com.ar\/2023\/wp-json\/wp\/v2\/types\/post"}],"author":[{"embeddable":true,"href":"https:\/\/deportodos.com.ar\/2023\/wp-json\/wp\/v2\/users\/2"}],"replies":[{"embeddable":true,"href":"https:\/\/deportodos.com.ar\/2023\/wp-json\/wp\/v2\/comments?post=983"}],"version-history":[{"count":1,"href":"https:\/\/deportodos.com.ar\/2023\/wp-json\/wp\/v2\/posts\/983\/revisions"}],"predecessor-version":[{"id":985,"href":"https:\/\/deportodos.com.ar\/2023\/wp-json\/wp\/v2\/posts\/983\/revisions\/985"}],"wp:featuredmedia":[{"embeddable":true,"href":"https:\/\/deportodos.com.ar\/2023\/wp-json\/wp\/v2\/media\/984"}],"wp:attachment":[{"href":"https:\/\/deportodos.com.ar\/2023\/wp-json\/wp\/v2\/media?parent=983"}],"wp:term":[{"taxonomy":"category","embeddable":true,"href":"https:\/\/deportodos.com.ar\/2023\/wp-json\/wp\/v2\/categories?post=983"},{"taxonomy":"post_tag","embeddable":true,"href":"https:\/\/deportodos.com.ar\/2023\/wp-json\/wp\/v2\/tags?post=983"}],"curies":[{"name":"wp","href":"https:\/\/api.w.org\/{rel}","templated":true}]}}