{"id":987,"date":"2024-03-10T23:40:16","date_gmt":"2024-03-10T23:40:16","guid":{"rendered":"https:\/\/deportodos.com.ar\/2023\/?p=987"},"modified":"2024-03-10T23:40:16","modified_gmt":"2024-03-10T23:40:16","slug":"ximena-simeone-duena-de-la-14-edicion-de-la-maraton-de-la-mujer","status":"publish","type":"post","link":"https:\/\/deportodos.com.ar\/2023\/ximena-simeone-duena-de-la-14-edicion-de-la-maraton-de-la-mujer\/","title":{"rendered":"XIMENA SIMEONE DUE\u00d1A DE LA 14\u00b0 EDICI\u00d3N DE LA MARAT\u00d3N DE LA MUJER"},"content":{"rendered":"\n<p>Pas\u00f3 una nueva edici\u00f3n de la Marat\u00f3n de la Mujer, que cont\u00f3 con cerca de 900 corredoras que le dieron vida a la carrera que se gan\u00f3 su lugar dentro de las pruebas de calle de Concordia y la regi\u00f3n.<\/p>\n\n\n\n<p>La 14\u00b0 edici\u00f3n tuvo como ganadora por tercera oportunidad a la atleta de Puerto Yeru\u00e1, Ximena Simeone. La joven corredora de Deportes Villa Adela se impuso con holgura en la prueba de 5 kil\u00f3metros, que tuvo como punto de largada y llegada en la plaza 25 de Mayo. Cabe destacar que la competencia estuvo enmarcada dentro de la conmemoraci\u00f3n del D\u00eda de la Mujer de la Municipalidad de Concordia, adem\u00e1s de ser declarada de Inter\u00e9s local y provincial, tanto por el Concejo Deliberante, como por la C\u00e1mara de Diputados de la Provincia de Entre R\u00edos.<\/p>\n\n\n\n<p>La vencedora emple\u00f3 un tiempo total de 18\u201948\u201d y al podio lo completaron la ganadora de la edici\u00f3n pasada, Nelsa Valenzuela de Concordia con un registro de 19\u201910\u201d y Greta Rodr\u00edguez de Villa Adela con una marca de 20\u201903\u201d. Como ya es un cl\u00e1sico la prueba cont\u00f3 con la asistencia de chicas de toda la provincia, como de Corrientes y de la vecina Rep\u00fablica Oriental del Uruguay.<\/p>\n\n\n\n<p>La m\u00e1s importante de la prueba fue el color y calor que le pusieron el total de las atletas que participaron del evento y se divirtieron realizando una prueba de atletismo, que siempre es beneficiosa para la salud. Al finalizar el evento lleg\u00f3 el momento de la entrega de los numerosos regalos de los sponsors, entre ellos cuatro bicicletas, y por \u00faltimo la premiaci\u00f3n en cada una de las categor\u00edas.<\/p>\n\n\n\n<p>Previo a la premiaci\u00f3n, Esteban Sbresso que es el presidente de la Asociaci\u00f3n Amigos del MTB expres\u00f3: \u201cGracias a todas las mujeres que nos dan m\u00e1s vida, alegr\u00eda y entusiasmo para que sigamos trabajando a\u00f1o a a\u00f1o. Desde 2010 que nos planteamos hacer algo diferente para que vivan su d\u00eda de una manera distinta. Soy la cara visible de esta organizaci\u00f3n, pero detr\u00e1s hay un equipo de trabajo que dejan muchas cosas de lado para que esto salga de la mejor manera. Queremos que se vayan contentas y que disfruten de un evento distinto. Muchas gracias a todas las autoridades que nos han acompa\u00f1ado y seguramente seguiremos mejorando lo que haya que mejorar el a\u00f1o que viene. Feliz d\u00eda a todas y nos vemos en marzo del a\u00f1o que viene\u201d.<\/p>\n\n\n\n<p>RESULTADO GENERAL<\/p>\n\n\n\n<p>1\u00b0) Ximena Simeone (Puerto Yeru\u00e1) con 18\u201948\u201d<\/p>\n\n\n\n<p>2\u00b0) Nelsa Valenzuela (Concordia) con 19\u201910\u201d<\/p>\n\n\n\n<p>3\u00b0) Greta Rodriguez (Concordia) con 20\u201903\u201d<\/p>\n\n\n\n<p>4\u00b0) Lorena Luchini (Concordia) con 20\u201950\u201d<\/p>\n\n\n\n<p>5\u00b0) Noelia Morilla (Concordia) con 21\u201900\u201d<\/p>\n\n\n\n<p>6\u00b0) Melisa Cabrera (Chajar\u00ed) con 21\u201907\u201d<\/p>\n\n\n\n<p>7\u00b0) Yamila Sanabria (Concordia) con 21\u201908\u201d<\/p>\n\n\n\n<p>8\u00b0) Rosa Monz\u00f3n (Feliciano) con 21\u201908\u201d<\/p>\n\n\n\n<p>9\u00b0) Mar\u00eda Luz Ram\u00edrez (Concordia) con 21\u201910\u201d<\/p>\n\n\n\n<p>10\u00b0) Mar\u00eda Jos\u00e9 Maidana (Chajar\u00ed) con 21\u201954\u201d<\/p>\n\n\n\n<p>Ver resultados completos: https:\/\/www.cronomet.com.ar\/?cronomet=mujer24-g<\/p>\n\n\n\n<p>Prensa Amigos del MTB<\/p>\n","protected":false},"excerpt":{"rendered":"<p>Pas\u00f3 una nueva edici\u00f3n de la Marat\u00f3n de la Mujer, que cont\u00f3 con cerca de&#8230;<\/p>\n","protected":false},"author":2,"featured_media":988,"comment_status":"open","ping_status":"open","sticky":false,"template":"","format":"standard","meta":{"footnotes":""},"categories":[5],"tags":[],"class_list":["post-987","post","type-post","status-publish","format-standard","has-post-thumbnail","hentry","category-atletismo"],"featured_image_urls":{"full":["https:\/\/deportodos.com.ar\/2023\/wp-content\/uploads\/2024\/03\/IMG-20240310-WA0013.jpg",1186,932,false],"thumbnail":["https:\/\/deportodos.com.ar\/2023\/wp-content\/uploads\/2024\/03\/IMG-20240310-WA0013-150x150.jpg",150,150,true],"medium":["https:\/\/deportodos.com.ar\/2023\/wp-content\/uploads\/2024\/03\/IMG-20240310-WA0013-300x236.jpg",300,236,true],"medium_large":["https:\/\/deportodos.com.ar\/2023\/wp-content\/uploads\/2024\/03\/IMG-20240310-WA0013-768x604.jpg",640,503,true],"large":["https:\/\/deportodos.com.ar\/2023\/wp-content\/uploads\/2024\/03\/IMG-20240310-WA0013-1024x805.jpg",640,503,true],"1536x1536":["https:\/\/deportodos.com.ar\/2023\/wp-content\/uploads\/2024\/03\/IMG-20240310-WA0013.jpg",1186,932,false],"2048x2048":["https:\/\/deportodos.com.ar\/2023\/wp-content\/uploads\/2024\/03\/IMG-20240310-WA0013.jpg",1186,932,false],"covernews-featured":["https:\/\/deportodos.com.ar\/2023\/wp-content\/uploads\/2024\/03\/IMG-20240310-WA0013-1024x805.jpg",1024,805,true],"covernews-medium":["https:\/\/deportodos.com.ar\/2023\/wp-content\/uploads\/2024\/03\/IMG-20240310-WA0013-540x340.jpg",540,340,true]},"author_info":{"display_name":"c2530142","author_link":"https:\/\/deportodos.com.ar\/2023\/author\/c2530142\/"},"category_info":"<a href=\"https:\/\/deportodos.com.ar\/2023\/category\/atletismo\/\" rel=\"category tag\">Atletismo<\/a>","tag_info":"Atletismo","comment_count":"0","_links":{"self":[{"href":"https:\/\/deportodos.com.ar\/2023\/wp-json\/wp\/v2\/posts\/987","targetHints":{"allow":["GET"]}}],"collection":[{"href":"https:\/\/deportodos.com.ar\/2023\/wp-json\/wp\/v2\/posts"}],"about":[{"href":"https:\/\/deportodos.com.ar\/2023\/wp-json\/wp\/v2\/types\/post"}],"author":[{"embeddable":true,"href":"https:\/\/deportodos.com.ar\/2023\/wp-json\/wp\/v2\/users\/2"}],"replies":[{"embeddable":true,"href":"https:\/\/deportodos.com.ar\/2023\/wp-json\/wp\/v2\/comments?post=987"}],"version-history":[{"count":1,"href":"https:\/\/deportodos.com.ar\/2023\/wp-json\/wp\/v2\/posts\/987\/revisions"}],"predecessor-version":[{"id":989,"href":"https:\/\/deportodos.com.ar\/2023\/wp-json\/wp\/v2\/posts\/987\/revisions\/989"}],"wp:featuredmedia":[{"embeddable":true,"href":"https:\/\/deportodos.com.ar\/2023\/wp-json\/wp\/v2\/media\/988"}],"wp:attachment":[{"href":"https:\/\/deportodos.com.ar\/2023\/wp-json\/wp\/v2\/media?parent=987"}],"wp:term":[{"taxonomy":"category","embeddable":true,"href":"https:\/\/deportodos.com.ar\/2023\/wp-json\/wp\/v2\/categories?post=987"},{"taxonomy":"post_tag","embeddable":true,"href":"https:\/\/deportodos.com.ar\/2023\/wp-json\/wp\/v2\/tags?post=987"}],"curies":[{"name":"wp","href":"https:\/\/api.w.org\/{rel}","templated":true}]}}