{"id":995,"date":"2024-03-11T09:48:33","date_gmt":"2024-03-11T09:48:33","guid":{"rendered":"https:\/\/deportodos.com.ar\/2023\/?p=995"},"modified":"2024-03-11T09:49:16","modified_gmt":"2024-03-11T09:49:16","slug":"sin-ambicion-ni-rebeldia-a-patronato-se-le-va-a-complicar-su-camino","status":"publish","type":"post","link":"https:\/\/deportodos.com.ar\/2023\/sin-ambicion-ni-rebeldia-a-patronato-se-le-va-a-complicar-su-camino\/","title":{"rendered":"SIN AMBICI\u00d3N NI REBELDIA, A PATRONATO SE LE VA A COMPLICAR SU CAMINO"},"content":{"rendered":"\n<p>Patronato perdi\u00f3 2 a 0 con Alvarado de Mar del Plata y ya dej\u00f3 en claro que de visitante no mostrar\u00e1 ambici\u00f3n y si la lleva en el bolso de viaje, la mostrar\u00e1 a cuentagotas.<\/p>\n\n\n\n<p>En el primer tiempo del encuentro jugado en el Minella dio la sensaci\u00f3n que fue a pasear a La Feliz y comprar alfajores.<\/p>\n\n\n\n<p>No cambi\u00f3 su ritmo de juego cuando tempranito en el inicio del juego Belinetz y de taco hizo un gol de lujo. Tampoco se molest\u00f3 al menos desde la rebeld\u00eda cuando un penal dudoso convertido luego por Vadal\u00e1, lo puso 0-2 antes de finalizar el primer tiempo. Invitados a la fiestita de Alvarado.<\/p>\n\n\n\n<p>Al menos en el segundo tiempo mejor\u00f3 su tendencia colectiva para atacar, al margen de que Pereyra, el \u00fanico que denuncia esa rebeld\u00eda pedida (seguramente por ser hincha del Patr\u00f3n), entr\u00f3 apenas 15 minutos. Encima ya con el partido juzgado. Al menos Barinaga fue titular, pero si bien muestra su t\u00e9cnica juega m\u00e1s cerca de la defensa que del ataque. Y Valencia ingres\u00f3 en el arranque del segundo tiempo para potenciar la d\u00e9bil gesti\u00f3n de ataque que parece que desde el arranque del certamen mostrar\u00e1 una triste tendencia. La cuesti\u00f3n ofensiva es as\u00ed: a Valencia hay que esperarlo, Meynier viene a sumar minutos y Coronel es un voluntarioso, pero de arco cerrado.<\/p>\n\n\n\n<p>En 6 partidos Patronato gan\u00f3 2, empat\u00f3 1 y perdi\u00f3 3. Muchas derrotas para un inicio de certamen.<\/p>\n\n\n\n<p>A Racing de C\u00f3rdoba le gan\u00f3 porque de un momento a otro y con muchos minutos por jugar cambi\u00f3 a tiempo y le dio tendencia vertical con juego.<\/p>\n\n\n\n<p>Dos d\u00edas de entrenamientos a puertas cerradas para que no se filtren \u201cdatos\u201d seguramente pod\u00edan dejar en claro que a Mar del Plata Patronato iba decidido a ser juez de su propia historia.<\/p>\n\n\n\n<p>No fue as\u00ed. Queda la esperanza abierta porque al menos en el segundo tiempo y desde los cambios, aparecieron sociedades y chances de gol.<\/p>\n\n\n\n<p>Pero hay una cuesti\u00f3n, porque muchas veces se habla desde la ambici\u00f3n y rebeld\u00eda de los jugadores. Los primeros que se tienen que mostrar ambiciosos y rebeldes son los que conducen el cuerpo t\u00e9cnico. Si los jugadores no ven de parte de ellos esa forma de armar un equipo, le estar\u00e1n restando importancia a la capacidad individual y colectiva. Salir a jugar a defender no es lo mismo que bajar la idea t\u00e1ctica con jugadores claves y en sus posiciones correctas en cancha.<\/p>\n\n\n\n<p>Y la ambici\u00f3n y rebeld\u00eda tambi\u00e9n debe ser cuesti\u00f3n del club. Ya es tarde para cambiar algunas cosas. Este es el plantel y con esto hay que jugar. Pero hay pibes que merecen oportunidades como la poseen varios de los que la est\u00e1n dilapidando ahora. Y si se labura tanto en captaci\u00f3n, formaci\u00f3n, es hora de sacar resultados.<\/p>\n\n\n\n<p>La tabla de posiciones ser\u00e1 la marca registrada para dejar sentado donde est\u00e1 parado Patronato. Hoy tristemente en los \u00faltimos lugares. Rebeld\u00eda y ambici\u00f3n. Ese&nbsp;es&nbsp;el&nbsp;camino.<\/p>\n\n\n\n<blockquote class=\"wp-block-quote is-layout-flow wp-block-quote-is-layout-flow\">\n<p><\/p>\n<cite>Articulo de Ezequiel Re<\/cite><\/blockquote>\n","protected":false},"excerpt":{"rendered":"<p>Patronato perdi\u00f3 2 a 0 con Alvarado de Mar del Plata y ya dej\u00f3 en&#8230;<\/p>\n","protected":false},"author":2,"featured_media":997,"comment_status":"open","ping_status":"open","sticky":false,"template":"","format":"standard","meta":{"footnotes":""},"categories":[36],"tags":[],"class_list":["post-995","post","type-post","status-publish","format-standard","has-post-thumbnail","hentry","category-futbol"],"featured_image_urls":{"full":["https:\/\/deportodos.com.ar\/2023\/wp-content\/uploads\/2024\/03\/patronato_111.jpg",450,300,false],"thumbnail":["https:\/\/deportodos.com.ar\/2023\/wp-content\/uploads\/2024\/03\/patronato_111-150x150.jpg",150,150,true],"medium":["https:\/\/deportodos.com.ar\/2023\/wp-content\/uploads\/2024\/03\/patronato_111-300x200.jpg",300,200,true],"medium_large":["https:\/\/deportodos.com.ar\/2023\/wp-content\/uploads\/2024\/03\/patronato_111.jpg",450,300,false],"large":["https:\/\/deportodos.com.ar\/2023\/wp-content\/uploads\/2024\/03\/patronato_111.jpg",450,300,false],"1536x1536":["https:\/\/deportodos.com.ar\/2023\/wp-content\/uploads\/2024\/03\/patronato_111.jpg",450,300,false],"2048x2048":["https:\/\/deportodos.com.ar\/2023\/wp-content\/uploads\/2024\/03\/patronato_111.jpg",450,300,false],"covernews-featured":["https:\/\/deportodos.com.ar\/2023\/wp-content\/uploads\/2024\/03\/patronato_111.jpg",450,300,false],"covernews-medium":["https:\/\/deportodos.com.ar\/2023\/wp-content\/uploads\/2024\/03\/patronato_111.jpg",450,300,false]},"author_info":{"display_name":"c2530142","author_link":"https:\/\/deportodos.com.ar\/2023\/author\/c2530142\/"},"category_info":"<a href=\"https:\/\/deportodos.com.ar\/2023\/category\/futbol\/\" rel=\"category tag\">Futbol<\/a>","tag_info":"Futbol","comment_count":"0","_links":{"self":[{"href":"https:\/\/deportodos.com.ar\/2023\/wp-json\/wp\/v2\/posts\/995","targetHints":{"allow":["GET"]}}],"collection":[{"href":"https:\/\/deportodos.com.ar\/2023\/wp-json\/wp\/v2\/posts"}],"about":[{"href":"https:\/\/deportodos.com.ar\/2023\/wp-json\/wp\/v2\/types\/post"}],"author":[{"embeddable":true,"href":"https:\/\/deportodos.com.ar\/2023\/wp-json\/wp\/v2\/users\/2"}],"replies":[{"embeddable":true,"href":"https:\/\/deportodos.com.ar\/2023\/wp-json\/wp\/v2\/comments?post=995"}],"version-history":[{"count":1,"href":"https:\/\/deportodos.com.ar\/2023\/wp-json\/wp\/v2\/posts\/995\/revisions"}],"predecessor-version":[{"id":996,"href":"https:\/\/deportodos.com.ar\/2023\/wp-json\/wp\/v2\/posts\/995\/revisions\/996"}],"wp:featuredmedia":[{"embeddable":true,"href":"https:\/\/deportodos.com.ar\/2023\/wp-json\/wp\/v2\/media\/997"}],"wp:attachment":[{"href":"https:\/\/deportodos.com.ar\/2023\/wp-json\/wp\/v2\/media?parent=995"}],"wp:term":[{"taxonomy":"category","embeddable":true,"href":"https:\/\/deportodos.com.ar\/2023\/wp-json\/wp\/v2\/categories?post=995"},{"taxonomy":"post_tag","embeddable":true,"href":"https:\/\/deportodos.com.ar\/2023\/wp-json\/wp\/v2\/tags?post=995"}],"curies":[{"name":"wp","href":"https:\/\/api.w.org\/{rel}","templated":true}]}}